{"id":392,"date":"2019-08-22T16:43:17","date_gmt":"2019-08-22T14:43:17","guid":{"rendered":"https:\/\/idlatinia.com\/?p=392"},"modified":"2025-05-06T13:43:48","modified_gmt":"2025-05-06T11:43:48","slug":"exclusivamente-para-ti-disenos-de-interior-a-medida-en-marbella","status":"publish","type":"post","link":"https:\/\/idlatinia.com\/en\/exclusivamente-para-ti-disenos-de-interior-a-medida-en-marbella\/","title":{"rendered":"Unique to you\u2014bespoke interior design in Marbella"},"content":{"rendered":"<p>In a previous blog we explained our philosophy and business ethos of offering a bespoke service to our clients when designing an elegant new interior for their villas or apartments.<\/p>\n\n\n\n<p>We recently completed a new project in the Puerto Ban\u00fas, Marbella, complex of Playas del Duque. This was the latest apartment we totally renovated and refurbished within the complex recently\u2014the first can be seen here\u2014and we thought it presented an excellent opportunity to show how we can take two similar apartments and come up with unique results, whilst following the same modern trends. Yes, there are some similarities, but the end effects differ in not just detail but also in how they are tailored to the lifestyle options desired by the respective owners.<\/p>\n\n\n\n<div class=\"wp-block-group is-content-justification-space-between is-nowrap is-layout-flex wp-container-core-group-is-layout-cb46ffcb wp-block-group-is-layout-flex\">\n<figure class=\"wp-block-image size-full\"><img loading=\"lazy\" decoding=\"async\" width=\"940\" height=\"599\" src=\"https:\/\/idlatinia.com\/wp-content\/uploads\/Interior-design-Studio-Marbella-e1567695067569.webp\" alt=\"Interior Design Studio Marbella E1567695067569\" class=\"wp-image-2144\" title=\"Interior-design-Studio-Marbella\" srcset=\"https:\/\/idlatinia.com\/wp-content\/uploads\/Interior-design-Studio-Marbella-e1567695067569.webp 940w, https:\/\/idlatinia.com\/wp-content\/uploads\/Interior-design-Studio-Marbella-e1567695067569-300x191.webp 300w, https:\/\/idlatinia.com\/wp-content\/uploads\/Interior-design-Studio-Marbella-e1567695067569-768x489.webp 768w\" sizes=\"auto, (max-width: 940px) 100vw, 940px\" \/><\/figure>\n\n\n\n<figure class=\"wp-block-image size-full\"><img loading=\"lazy\" decoding=\"async\" width=\"940\" height=\"599\" src=\"https:\/\/idlatinia.com\/wp-content\/uploads\/ID-Latinia-Interior-Design-Marbella-1-940x599-1.webp\" alt=\"Id Latinia Interior Design Marbella 1 940x599\" class=\"wp-image-2146\" title=\"ID-Latinia-Interior-Design-Marbella-1-940x599\" srcset=\"https:\/\/idlatinia.com\/wp-content\/uploads\/ID-Latinia-Interior-Design-Marbella-1-940x599-1.webp 940w, https:\/\/idlatinia.com\/wp-content\/uploads\/ID-Latinia-Interior-Design-Marbella-1-940x599-1-300x191.webp 300w, https:\/\/idlatinia.com\/wp-content\/uploads\/ID-Latinia-Interior-Design-Marbella-1-940x599-1-768x489.webp 768w\" sizes=\"auto, (max-width: 940px) 100vw, 940px\" \/><\/figure>\n<\/div>\n\n\n\n<p>While the apartment in our latest project offers more space\u2014three bedrooms instead of two, and larger living areas\u2014the basic challenges remained the same. The shapes of the main living rooms are basically rectangular, meaning care and attention to the smallest detail was required to ensure the desired open-plan arrangement provides a clean aspect without losing a \u2018homely\u2019 and welcoming feel.<\/p>\n\n\n\n<p>As our picture shows the secret is to create \u2018spaces within the space\u2019, that flow naturally into each other. In this case the main lounge area was of particular importance to the owner, who needed ample seating both inside and out.<\/p>\n\n\n\n<p>By carefully selecting the outdoor furniture we ensured that the colours and patterns used complemented those of the interior despite being strikingly different. As a result, the indoor living area flows through the large patio doors onto the terrace, thus creating one extended living space.<\/p>\n\n\n\n<div class=\"wp-block-group is-content-justification-space-between is-nowrap is-layout-flex wp-container-core-group-is-layout-cb46ffcb wp-block-group-is-layout-flex\">\n<figure class=\"wp-block-image size-large\"><img loading=\"lazy\" decoding=\"async\" width=\"1024\" height=\"682\" src=\"https:\/\/idlatinia.com\/wp-content\/uploads\/ID-Latinia-Interior-design-1024x682.webp\" alt=\"Id Latinia Interior Design\" class=\"wp-image-2147\" title=\"ID-Latinia-Interior-design\" srcset=\"https:\/\/idlatinia.com\/wp-content\/uploads\/ID-Latinia-Interior-design-1024x682.webp 1024w, https:\/\/idlatinia.com\/wp-content\/uploads\/ID-Latinia-Interior-design-300x200.webp 300w, https:\/\/idlatinia.com\/wp-content\/uploads\/ID-Latinia-Interior-design-768x511.webp 768w, https:\/\/idlatinia.com\/wp-content\/uploads\/ID-Latinia-Interior-design.webp 1263w\" sizes=\"auto, (max-width: 1024px) 100vw, 1024px\" \/><\/figure>\n\n\n\n<figure class=\"wp-block-image size-full\"><img loading=\"lazy\" decoding=\"async\" width=\"940\" height=\"629\" src=\"https:\/\/idlatinia.com\/wp-content\/uploads\/ID-Latinia-940x629-1.webp\" alt=\"Id Latinia 940x629\" class=\"wp-image-2148\" title=\"ID-Latinia-940x629\" srcset=\"https:\/\/idlatinia.com\/wp-content\/uploads\/ID-Latinia-940x629-1.webp 940w, https:\/\/idlatinia.com\/wp-content\/uploads\/ID-Latinia-940x629-1-300x201.webp 300w, https:\/\/idlatinia.com\/wp-content\/uploads\/ID-Latinia-940x629-1-768x514.webp 768w\" sizes=\"auto, (max-width: 940px) 100vw, 940px\" \/><\/figure>\n<\/div>\n\n\n\n<p>Whilst in our previous project the concept of outdoor dining was of prime importance\u2014hence the siting of a dining table and chairs on the terrace\u2014here an \u2018outdoor lounge\u2019 entertaining area was the preferred option\u2014as can be seen from this picture. Ample, comfortable seating with a large, stylish coffee table reflects the indoor arrangement\u2014but both are perfect spaces in which to relax with friends and family.<\/p>\n\n\n\n<p>The dining area had to be functional as well as look good\u2014this unusual table and chairs added just the right touch to emphasise the style we wanted to achieve, while the hanging lamps over the dining table and in the main television zone add a three dimensional aspect to the design that is crucial in softening what would otherwise be a hall-like space. Equally as important is the attention to detail shown by the selection of vases and ornaments, the clean-line cabinets and especially the beautiful marble-vein effect \u2018highlight wall\u2019. This spectacular feature offers the contrast needed in such a room, where the other walls are presented in lighter hues.<\/p>\n\n\n\n<p>If you compare the two apartments it can be seen they both follow the latest trends\u2014but each is unique, reflecting the personalities and preferences of their owners\u2014and that\u2019s what we consider to be our main objective.<\/p>","protected":false},"excerpt":{"rendered":"<p>In a previous blog we explained our philosophy and business ethos of offering a bespoke service to our clients...<\/p>","protected":false},"author":2,"featured_media":393,"comment_status":"closed","ping_status":"open","sticky":false,"template":"","format":"standard","meta":{"_acf_changed":false,"_kad_blocks_custom_css":"","_kad_blocks_head_custom_js":"","_kad_blocks_body_custom_js":"","_kad_blocks_footer_custom_js":"","footnotes":""},"categories":[10],"tags":[],"class_list":["post-392","post","type-post","status-publish","format-standard","has-post-thumbnail","hentry","category-noticias"],"acf":[],"yoast_head":"<!-- This site is optimized with the Yoast SEO plugin v27.4 - https:\/\/yoast.com\/product\/yoast-seo-wordpress\/ -->\n<title>Exclusivamente para ti: dise\u00f1os de interior a medida en Marbella - IdLatinia<\/title>\n<meta name=\"robots\" content=\"index, follow, max-snippet:-1, max-image-preview:large, max-video-preview:-1\" \/>\n<link rel=\"canonical\" href=\"https:\/\/idlatinia.com\/en\/exclusivamente-para-ti-disenos-de-interior-a-medida-en-marbella\/\" \/>\n<meta property=\"og:locale\" content=\"en_US\" \/>\n<meta property=\"og:type\" content=\"article\" \/>\n<meta property=\"og:title\" content=\"Exclusivamente para ti: dise\u00f1os de interior a medida en Marbella - IdLatinia\" \/>\n<meta property=\"og:description\" content=\"En un post anterior explic\u00e1bamos nuestro m\u00e9todo de trabajo y nuestra filosof\u00eda empresarial a la hora de ofrecer un servicio personalizado a nuestros clientes...\" \/>\n<meta property=\"og:url\" content=\"https:\/\/idlatinia.com\/en\/exclusivamente-para-ti-disenos-de-interior-a-medida-en-marbella\/\" \/>\n<meta property=\"og:site_name\" content=\"IdLatinia\" \/>\n<meta property=\"article:publisher\" content=\"https:\/\/www.facebook.com\/IDLatinia\/\" \/>\n<meta property=\"article:published_time\" content=\"2019-08-22T14:43:17+00:00\" \/>\n<meta property=\"article:modified_time\" content=\"2025-05-06T11:43:48+00:00\" \/>\n<meta property=\"og:image\" content=\"https:\/\/idlatinia.com\/wp-content\/uploads\/Interior-Design-Marbella-1038x576-1.jpg\" \/>\n\t<meta property=\"og:image:width\" content=\"1038\" \/>\n\t<meta property=\"og:image:height\" content=\"576\" \/>\n\t<meta property=\"og:image:type\" content=\"image\/jpeg\" \/>\n<meta name=\"author\" content=\"web\" \/>\n<meta name=\"twitter:card\" content=\"summary_large_image\" \/>\n<meta name=\"twitter:label1\" content=\"Written by\" \/>\n\t<meta name=\"twitter:data1\" content=\"web\" \/>\n\t<meta name=\"twitter:label2\" content=\"Est. reading time\" \/>\n\t<meta name=\"twitter:data2\" content=\"3 minutes\" \/>\n<script type=\"application\/ld+json\" class=\"yoast-schema-graph\">{\"@context\":\"https:\\\/\\\/schema.org\",\"@graph\":[{\"@type\":\"Article\",\"@id\":\"https:\\\/\\\/idlatinia.com\\\/exclusivamente-para-ti-disenos-de-interior-a-medida-en-marbella\\\/#article\",\"isPartOf\":{\"@id\":\"https:\\\/\\\/idlatinia.com\\\/exclusivamente-para-ti-disenos-de-interior-a-medida-en-marbella\\\/\"},\"author\":{\"name\":\"web\",\"@id\":\"https:\\\/\\\/idlatinia.com\\\/#\\\/schema\\\/person\\\/23c1f9b9d2e371b1d71e2c5cc5d3ca5c\"},\"headline\":\"Exclusivamente para ti: dise\u00f1os de interior a medida en Marbella\",\"datePublished\":\"2019-08-22T14:43:17+00:00\",\"dateModified\":\"2025-05-06T11:43:48+00:00\",\"mainEntityOfPage\":{\"@id\":\"https:\\\/\\\/idlatinia.com\\\/exclusivamente-para-ti-disenos-de-interior-a-medida-en-marbella\\\/\"},\"wordCount\":606,\"publisher\":{\"@id\":\"https:\\\/\\\/idlatinia.com\\\/#organization\"},\"image\":{\"@id\":\"https:\\\/\\\/idlatinia.com\\\/exclusivamente-para-ti-disenos-de-interior-a-medida-en-marbella\\\/#primaryimage\"},\"thumbnailUrl\":\"https:\\\/\\\/idlatinia.com\\\/wp-content\\\/uploads\\\/Interior-Design-Marbella-1038x576-1.jpg\",\"articleSection\":[\"Noticias\"],\"inLanguage\":\"en-US\"},{\"@type\":\"WebPage\",\"@id\":\"https:\\\/\\\/idlatinia.com\\\/exclusivamente-para-ti-disenos-de-interior-a-medida-en-marbella\\\/\",\"url\":\"https:\\\/\\\/idlatinia.com\\\/exclusivamente-para-ti-disenos-de-interior-a-medida-en-marbella\\\/\",\"name\":\"Exclusivamente para ti: dise\u00f1os de interior a medida en Marbella - IdLatinia\",\"isPartOf\":{\"@id\":\"https:\\\/\\\/idlatinia.com\\\/#website\"},\"primaryImageOfPage\":{\"@id\":\"https:\\\/\\\/idlatinia.com\\\/exclusivamente-para-ti-disenos-de-interior-a-medida-en-marbella\\\/#primaryimage\"},\"image\":{\"@id\":\"https:\\\/\\\/idlatinia.com\\\/exclusivamente-para-ti-disenos-de-interior-a-medida-en-marbella\\\/#primaryimage\"},\"thumbnailUrl\":\"https:\\\/\\\/idlatinia.com\\\/wp-content\\\/uploads\\\/Interior-Design-Marbella-1038x576-1.jpg\",\"datePublished\":\"2019-08-22T14:43:17+00:00\",\"dateModified\":\"2025-05-06T11:43:48+00:00\",\"breadcrumb\":{\"@id\":\"https:\\\/\\\/idlatinia.com\\\/exclusivamente-para-ti-disenos-de-interior-a-medida-en-marbella\\\/#breadcrumb\"},\"inLanguage\":\"en-US\",\"potentialAction\":[{\"@type\":\"ReadAction\",\"target\":[\"https:\\\/\\\/idlatinia.com\\\/exclusivamente-para-ti-disenos-de-interior-a-medida-en-marbella\\\/\"]}]},{\"@type\":\"ImageObject\",\"inLanguage\":\"en-US\",\"@id\":\"https:\\\/\\\/idlatinia.com\\\/exclusivamente-para-ti-disenos-de-interior-a-medida-en-marbella\\\/#primaryimage\",\"url\":\"https:\\\/\\\/idlatinia.com\\\/wp-content\\\/uploads\\\/Interior-Design-Marbella-1038x576-1.jpg\",\"contentUrl\":\"https:\\\/\\\/idlatinia.com\\\/wp-content\\\/uploads\\\/Interior-Design-Marbella-1038x576-1.jpg\",\"width\":1038,\"height\":576,\"caption\":\"Interior Design Marbella 1038x576\"},{\"@type\":\"BreadcrumbList\",\"@id\":\"https:\\\/\\\/idlatinia.com\\\/exclusivamente-para-ti-disenos-de-interior-a-medida-en-marbella\\\/#breadcrumb\",\"itemListElement\":[{\"@type\":\"ListItem\",\"position\":1,\"name\":\"Portada\",\"item\":\"https:\\\/\\\/idlatinia.com\\\/\"},{\"@type\":\"ListItem\",\"position\":2,\"name\":\"Exclusivamente para ti: dise\u00f1os de interior a medida en Marbella\"}]},{\"@type\":\"WebSite\",\"@id\":\"https:\\\/\\\/idlatinia.com\\\/#website\",\"url\":\"https:\\\/\\\/idlatinia.com\\\/\",\"name\":\"IdLatinia\",\"description\":\"Interior Designers Marbella\",\"publisher\":{\"@id\":\"https:\\\/\\\/idlatinia.com\\\/#organization\"},\"potentialAction\":[{\"@type\":\"SearchAction\",\"target\":{\"@type\":\"EntryPoint\",\"urlTemplate\":\"https:\\\/\\\/idlatinia.com\\\/?s={search_term_string}\"},\"query-input\":{\"@type\":\"PropertyValueSpecification\",\"valueRequired\":true,\"valueName\":\"search_term_string\"}}],\"inLanguage\":\"en-US\"},{\"@type\":\"Organization\",\"@id\":\"https:\\\/\\\/idlatinia.com\\\/#organization\",\"name\":\"IdLatinia\",\"url\":\"https:\\\/\\\/idlatinia.com\\\/\",\"logo\":{\"@type\":\"ImageObject\",\"inLanguage\":\"en-US\",\"@id\":\"https:\\\/\\\/idlatinia.com\\\/#\\\/schema\\\/logo\\\/image\\\/\",\"url\":\"https:\\\/\\\/idlatinia.com\\\/wp-content\\\/uploads\\\/id-latinia-logo-gris-ok-2.webp\",\"contentUrl\":\"https:\\\/\\\/idlatinia.com\\\/wp-content\\\/uploads\\\/id-latinia-logo-gris-ok-2.webp\",\"width\":360,\"height\":165,\"caption\":\"IdLatinia\"},\"image\":{\"@id\":\"https:\\\/\\\/idlatinia.com\\\/#\\\/schema\\\/logo\\\/image\\\/\"},\"sameAs\":[\"https:\\\/\\\/www.facebook.com\\\/IDLatinia\\\/\",\"https:\\\/\\\/www.instagram.com\\\/idlatinia\\\/\"]},{\"@type\":\"Person\",\"@id\":\"https:\\\/\\\/idlatinia.com\\\/#\\\/schema\\\/person\\\/23c1f9b9d2e371b1d71e2c5cc5d3ca5c\",\"name\":\"web\",\"url\":\"https:\\\/\\\/idlatinia.com\\\/en\\\/author\\\/web\\\/\"}]}<\/script>\n<!-- \/ Yoast SEO plugin. -->","yoast_head_json":{"title":"Exclusivamente para ti: dise\u00f1os de interior a medida en Marbella - IdLatinia","robots":{"index":"index","follow":"follow","max-snippet":"max-snippet:-1","max-image-preview":"max-image-preview:large","max-video-preview":"max-video-preview:-1"},"canonical":"https:\/\/idlatinia.com\/en\/exclusivamente-para-ti-disenos-de-interior-a-medida-en-marbella\/","og_locale":"en_US","og_type":"article","og_title":"Exclusivamente para ti: dise\u00f1os de interior a medida en Marbella - IdLatinia","og_description":"En un post anterior explic\u00e1bamos nuestro m\u00e9todo de trabajo y nuestra filosof\u00eda empresarial a la hora de ofrecer un servicio personalizado a nuestros clientes...","og_url":"https:\/\/idlatinia.com\/en\/exclusivamente-para-ti-disenos-de-interior-a-medida-en-marbella\/","og_site_name":"IdLatinia","article_publisher":"https:\/\/www.facebook.com\/IDLatinia\/","article_published_time":"2019-08-22T14:43:17+00:00","article_modified_time":"2025-05-06T11:43:48+00:00","og_image":[{"width":1038,"height":576,"url":"https:\/\/idlatinia.com\/wp-content\/uploads\/Interior-Design-Marbella-1038x576-1.jpg","type":"image\/jpeg"}],"author":"web","twitter_card":"summary_large_image","twitter_misc":{"Written by":"web","Est. reading time":"3 minutes"},"schema":{"@context":"https:\/\/schema.org","@graph":[{"@type":"Article","@id":"https:\/\/idlatinia.com\/exclusivamente-para-ti-disenos-de-interior-a-medida-en-marbella\/#article","isPartOf":{"@id":"https:\/\/idlatinia.com\/exclusivamente-para-ti-disenos-de-interior-a-medida-en-marbella\/"},"author":{"name":"web","@id":"https:\/\/idlatinia.com\/#\/schema\/person\/23c1f9b9d2e371b1d71e2c5cc5d3ca5c"},"headline":"Exclusivamente para ti: dise\u00f1os de interior a medida en Marbella","datePublished":"2019-08-22T14:43:17+00:00","dateModified":"2025-05-06T11:43:48+00:00","mainEntityOfPage":{"@id":"https:\/\/idlatinia.com\/exclusivamente-para-ti-disenos-de-interior-a-medida-en-marbella\/"},"wordCount":606,"publisher":{"@id":"https:\/\/idlatinia.com\/#organization"},"image":{"@id":"https:\/\/idlatinia.com\/exclusivamente-para-ti-disenos-de-interior-a-medida-en-marbella\/#primaryimage"},"thumbnailUrl":"https:\/\/idlatinia.com\/wp-content\/uploads\/Interior-Design-Marbella-1038x576-1.jpg","articleSection":["Noticias"],"inLanguage":"en-US"},{"@type":"WebPage","@id":"https:\/\/idlatinia.com\/exclusivamente-para-ti-disenos-de-interior-a-medida-en-marbella\/","url":"https:\/\/idlatinia.com\/exclusivamente-para-ti-disenos-de-interior-a-medida-en-marbella\/","name":"Exclusivamente para ti: dise\u00f1os de interior a medida en Marbella - IdLatinia","isPartOf":{"@id":"https:\/\/idlatinia.com\/#website"},"primaryImageOfPage":{"@id":"https:\/\/idlatinia.com\/exclusivamente-para-ti-disenos-de-interior-a-medida-en-marbella\/#primaryimage"},"image":{"@id":"https:\/\/idlatinia.com\/exclusivamente-para-ti-disenos-de-interior-a-medida-en-marbella\/#primaryimage"},"thumbnailUrl":"https:\/\/idlatinia.com\/wp-content\/uploads\/Interior-Design-Marbella-1038x576-1.jpg","datePublished":"2019-08-22T14:43:17+00:00","dateModified":"2025-05-06T11:43:48+00:00","breadcrumb":{"@id":"https:\/\/idlatinia.com\/exclusivamente-para-ti-disenos-de-interior-a-medida-en-marbella\/#breadcrumb"},"inLanguage":"en-US","potentialAction":[{"@type":"ReadAction","target":["https:\/\/idlatinia.com\/exclusivamente-para-ti-disenos-de-interior-a-medida-en-marbella\/"]}]},{"@type":"ImageObject","inLanguage":"en-US","@id":"https:\/\/idlatinia.com\/exclusivamente-para-ti-disenos-de-interior-a-medida-en-marbella\/#primaryimage","url":"https:\/\/idlatinia.com\/wp-content\/uploads\/Interior-Design-Marbella-1038x576-1.jpg","contentUrl":"https:\/\/idlatinia.com\/wp-content\/uploads\/Interior-Design-Marbella-1038x576-1.jpg","width":1038,"height":576,"caption":"Interior Design Marbella 1038x576"},{"@type":"BreadcrumbList","@id":"https:\/\/idlatinia.com\/exclusivamente-para-ti-disenos-de-interior-a-medida-en-marbella\/#breadcrumb","itemListElement":[{"@type":"ListItem","position":1,"name":"Portada","item":"https:\/\/idlatinia.com\/"},{"@type":"ListItem","position":2,"name":"Exclusivamente para ti: dise\u00f1os de interior a medida en Marbella"}]},{"@type":"WebSite","@id":"https:\/\/idlatinia.com\/#website","url":"https:\/\/idlatinia.com\/","name":"IdLatinia","description":"Interior Designers Marbella","publisher":{"@id":"https:\/\/idlatinia.com\/#organization"},"potentialAction":[{"@type":"SearchAction","target":{"@type":"EntryPoint","urlTemplate":"https:\/\/idlatinia.com\/?s={search_term_string}"},"query-input":{"@type":"PropertyValueSpecification","valueRequired":true,"valueName":"search_term_string"}}],"inLanguage":"en-US"},{"@type":"Organization","@id":"https:\/\/idlatinia.com\/#organization","name":"IdLatinia","url":"https:\/\/idlatinia.com\/","logo":{"@type":"ImageObject","inLanguage":"en-US","@id":"https:\/\/idlatinia.com\/#\/schema\/logo\/image\/","url":"https:\/\/idlatinia.com\/wp-content\/uploads\/id-latinia-logo-gris-ok-2.webp","contentUrl":"https:\/\/idlatinia.com\/wp-content\/uploads\/id-latinia-logo-gris-ok-2.webp","width":360,"height":165,"caption":"IdLatinia"},"image":{"@id":"https:\/\/idlatinia.com\/#\/schema\/logo\/image\/"},"sameAs":["https:\/\/www.facebook.com\/IDLatinia\/","https:\/\/www.instagram.com\/idlatinia\/"]},{"@type":"Person","@id":"https:\/\/idlatinia.com\/#\/schema\/person\/23c1f9b9d2e371b1d71e2c5cc5d3ca5c","name":"web","url":"https:\/\/idlatinia.com\/en\/author\/web\/"}]}},"taxonomy_info":{"category":[{"value":10,"label":"Noticias"}]},"featured_image_src_large":["https:\/\/idlatinia.com\/wp-content\/uploads\/Interior-Design-Marbella-1038x576-1-1024x568.jpg",1024,568,true],"author_info":{"display_name":"web","author_link":"https:\/\/idlatinia.com\/en\/author\/web\/"},"comment_info":0,"category_info":[{"term_id":10,"name":"Noticias","slug":"noticias","term_group":0,"term_taxonomy_id":10,"taxonomy":"category","description":"","parent":0,"count":18,"filter":"raw","cat_ID":10,"category_count":18,"category_description":"","cat_name":"Noticias","category_nicename":"noticias","category_parent":0}],"tag_info":false,"_links":{"self":[{"href":"https:\/\/idlatinia.com\/en\/wp-json\/wp\/v2\/posts\/392","targetHints":{"allow":["GET"]}}],"collection":[{"href":"https:\/\/idlatinia.com\/en\/wp-json\/wp\/v2\/posts"}],"about":[{"href":"https:\/\/idlatinia.com\/en\/wp-json\/wp\/v2\/types\/post"}],"author":[{"embeddable":true,"href":"https:\/\/idlatinia.com\/en\/wp-json\/wp\/v2\/users\/2"}],"replies":[{"embeddable":true,"href":"https:\/\/idlatinia.com\/en\/wp-json\/wp\/v2\/comments?post=392"}],"version-history":[{"count":0,"href":"https:\/\/idlatinia.com\/en\/wp-json\/wp\/v2\/posts\/392\/revisions"}],"wp:featuredmedia":[{"embeddable":true,"href":"https:\/\/idlatinia.com\/en\/wp-json\/wp\/v2\/media\/393"}],"wp:attachment":[{"href":"https:\/\/idlatinia.com\/en\/wp-json\/wp\/v2\/media?parent=392"}],"wp:term":[{"taxonomy":"category","embeddable":true,"href":"https:\/\/idlatinia.com\/en\/wp-json\/wp\/v2\/categories?post=392"},{"taxonomy":"post_tag","embeddable":true,"href":"https:\/\/idlatinia.com\/en\/wp-json\/wp\/v2\/tags?post=392"}],"curies":[{"name":"wp","href":"https:\/\/api.w.org\/{rel}","templated":true}]}}